{"id":10480,"date":"2026-04-29T11:45:03","date_gmt":"2026-04-29T15:45:03","guid":{"rendered":"https:\/\/inhrr.gob.ve\/?p=10480"},"modified":"2026-04-29T12:24:27","modified_gmt":"2026-04-29T16:24:27","slug":"celebracion-por-los-149-anos-del-natalicio-de-rafael-rangel-en-el-inhrr","status":"publish","type":"post","link":"https:\/\/inhrr.gob.ve\/?p=10480","title":{"rendered":"Celebraci\u00f3n por los 149 a\u00f1os del natalicio de Rafael Rangel en el INHRR"},"content":{"rendered":"\t\t<div data-elementor-type=\"wp-post\" data-elementor-id=\"10480\" class=\"elementor elementor-10480\" data-elementor-post-type=\"post\">\n\t\t\t\t\t\t<section class=\"elementor-section elementor-top-section elementor-element elementor-element-e7da4cf elementor-section-boxed elementor-section-height-default elementor-section-height-default\" data-id=\"e7da4cf\" data-element_type=\"section\">\n\t\t\t\t\t\t<div class=\"elementor-container elementor-column-gap-default\">\n\t\t\t\t\t<div class=\"elementor-column elementor-col-100 elementor-top-column elementor-element elementor-element-016b98a\" data-id=\"016b98a\" data-element_type=\"column\">\n\t\t\t<div class=\"elementor-widget-wrap elementor-element-populated\">\n\t\t\t\t\t\t<div class=\"elementor-element elementor-element-cf6f0e8 elementor-widget elementor-widget-heading\" data-id=\"cf6f0e8\" data-element_type=\"widget\" data-widget_type=\"heading.default\">\n\t\t\t\t<div class=\"elementor-widget-container\">\n\t\t\t\t\t<h3 class=\"elementor-heading-title elementor-size-default\"><div><div><div><div><div><div>Celebraci\u00f3n por los 149 a\u00f1os del natalicio de Rafael Rangel en el INHRR\n<\/div><\/div><\/div><\/div><\/div><\/div><\/h3>\t\t\t\t<\/div>\n\t\t\t\t<\/div>\n\t\t\t\t\t<\/div>\n\t\t<\/div>\n\t\t\t\t\t<\/div>\n\t\t<\/section>\n\t\t\t\t<section class=\"elementor-section elementor-top-section elementor-element elementor-element-8371996 elementor-section-boxed elementor-section-height-default elementor-section-height-default\" data-id=\"8371996\" data-element_type=\"section\">\n\t\t\t\t\t\t<div class=\"elementor-container elementor-column-gap-default\">\n\t\t\t\t\t<div class=\"elementor-column elementor-col-100 elementor-top-column elementor-element elementor-element-92edde0\" data-id=\"92edde0\" data-element_type=\"column\">\n\t\t\t<div class=\"elementor-widget-wrap elementor-element-populated\">\n\t\t\t\t\t\t<div class=\"elementor-element elementor-element-b925266 elementor-widget elementor-widget-text-editor\" data-id=\"b925266\" data-element_type=\"widget\" data-widget_type=\"text-editor.default\">\n\t\t\t\t<div class=\"elementor-widget-container\">\n\t\t\t\t\t\t\t\t\t<p>A prop\u00f3sito de cumplirse el cent\u00e9simo cuadrag\u00e9simo noveno aniversario del nacimiento del Dr. Rafael Rangel, el INHRR realiz\u00f3 una misa y una charla, la cual trat\u00f3 su vida cient\u00edfica y los grandes aportes que dej\u00f3 a lo largo de su carrera.<\/p><p>\u00a0<\/p><p>La presidenta del INHRR, Dra. Luisana Melo, ofreci\u00f3 unas palabras refiri\u00e9ndose al cumplea\u00f1os de Rafael Rangel y del D\u00eda Bioanalista en Venezuela. A celebrarse este 25 de abril, donde realiz\u00f3 un paseo por los aspectos de su vida m\u00e1s importantes.\u00a0<\/p><p>\u00a0<\/p><p>La licenciada Ver\u00f3nica Rosas fue la encargada de revelar una sinopsis de la vida personal y laboral de Rangel, recordando que su mensaje se centr\u00f3 en el aprendizaje como principio esencial para la formaci\u00f3n del m\u00e9dico contempor\u00e1neo en un mundo de transformaciones en la medicina global.<\/p><p>\u00a0<\/p><p>El acto finaliz\u00f3 con la entrega de una ofrenda floral por parte de las autoridades del Instituto Nacional de Higiene Rafael Rangel en el\u00a0 busto ubicado dentro de las instalaciones del INHRR.\u00a0<\/p><p>\u00a0<\/p><p>Prensa: ORIC\/A.P.<\/p>\t\t\t\t\t\t\t\t<\/div>\n\t\t\t\t<\/div>\n\t\t\t\t\t<\/div>\n\t\t<\/div>\n\t\t\t\t\t<\/div>\n\t\t<\/section>\n\t\t\t\t<section class=\"elementor-section elementor-top-section elementor-element elementor-element-7ad4b9c elementor-section-boxed elementor-section-height-default elementor-section-height-default\" data-id=\"7ad4b9c\" data-element_type=\"section\">\n\t\t\t\t\t\t<div class=\"elementor-container elementor-column-gap-default\">\n\t\t\t\t\t<div class=\"elementor-column elementor-col-100 elementor-top-column elementor-element elementor-element-6e4a10d\" data-id=\"6e4a10d\" data-element_type=\"column\">\n\t\t\t<div class=\"elementor-widget-wrap\">\n\t\t\t\t\t\t\t<\/div>\n\t\t<\/div>\n\t\t\t\t\t<\/div>\n\t\t<\/section>\n\t\t\t\t<\/div>\n\t\t","protected":false},"excerpt":{"rendered":"<p>Celebraci\u00f3n por los 149 a\u00f1os del natalicio de Rafael Rangel en el INHRR A prop\u00f3sito de cumplirse el cent\u00e9simo cuadrag\u00e9simo noveno aniversario del nacimiento del Dr. Rafael Rangel, el INHRR realiz\u00f3 una misa y una charla, la cual trat\u00f3 su vida cient\u00edfica y los grandes aportes que dej\u00f3 a lo largo de su carrera. \u00a0 &#8230; <a title=\"Celebraci\u00f3n por los 149 a\u00f1os del natalicio de Rafael Rangel en el INHRR\" class=\"read-more\" href=\"https:\/\/inhrr.gob.ve\/?p=10480\" aria-label=\"Leer m\u00e1s sobre Celebraci\u00f3n por los 149 a\u00f1os del natalicio de Rafael Rangel en el INHRR\">Leer m\u00e1s<\/a><\/p>\n","protected":false},"author":9,"featured_media":0,"comment_status":"open","ping_status":"open","sticky":false,"template":"elementor_header_footer","format":"standard","meta":{"footnotes":""},"categories":[7],"tags":[],"class_list":["post-10480","post","type-post","status-publish","format-standard","hentry","category-prensa"],"_links":{"self":[{"href":"https:\/\/inhrr.gob.ve\/index.php?rest_route=\/wp\/v2\/posts\/10480","targetHints":{"allow":["GET"]}}],"collection":[{"href":"https:\/\/inhrr.gob.ve\/index.php?rest_route=\/wp\/v2\/posts"}],"about":[{"href":"https:\/\/inhrr.gob.ve\/index.php?rest_route=\/wp\/v2\/types\/post"}],"author":[{"embeddable":true,"href":"https:\/\/inhrr.gob.ve\/index.php?rest_route=\/wp\/v2\/users\/9"}],"replies":[{"embeddable":true,"href":"https:\/\/inhrr.gob.ve\/index.php?rest_route=%2Fwp%2Fv2%2Fcomments&post=10480"}],"version-history":[{"count":4,"href":"https:\/\/inhrr.gob.ve\/index.php?rest_route=\/wp\/v2\/posts\/10480\/revisions"}],"predecessor-version":[{"id":10496,"href":"https:\/\/inhrr.gob.ve\/index.php?rest_route=\/wp\/v2\/posts\/10480\/revisions\/10496"}],"wp:attachment":[{"href":"https:\/\/inhrr.gob.ve\/index.php?rest_route=%2Fwp%2Fv2%2Fmedia&parent=10480"}],"wp:term":[{"taxonomy":"category","embeddable":true,"href":"https:\/\/inhrr.gob.ve\/index.php?rest_route=%2Fwp%2Fv2%2Fcategories&post=10480"},{"taxonomy":"post_tag","embeddable":true,"href":"https:\/\/inhrr.gob.ve\/index.php?rest_route=%2Fwp%2Fv2%2Ftags&post=10480"}],"curies":[{"name":"wp","href":"https:\/\/api.w.org\/{rel}","templated":true}]}}